{"id":3319,"date":"2026-03-08T18:46:00","date_gmt":"2026-03-08T17:46:00","guid":{"rendered":"https:\/\/prinsessepower.wtf\/blog\/?p=3319"},"modified":"2026-03-08T18:46:04","modified_gmt":"2026-03-08T17:46:04","slug":"hvem-bestemmer-graazonen","status":"publish","type":"post","link":"https:\/\/prinsessepower.wtf\/blog\/hvem-bestemmer-graazonen\/","title":{"rendered":"Hvem bestemmer, hvad der er en gr\u00e5zone?"},"content":{"rendered":"<p class=\"featured-caption\" style=\"text-align: center; font-style: italic; color: gray;\">\ud83d\udcf7 En d\u00f8r kan ligne en gr\u00e6nse. En gang kan ligne en &quot;gr\u00e5zone&quot;. Sp\u00f8rgsm\u00e5let er: Hvem har tegnet stregerne?\nFoto: Ryan McGuire via Pixabay.<\/p>\n<h3 class=\"wp-block-heading\">Et personligt og systemkritisk indl\u00e6g om diagnostisk usikkerhed i psykiatrien, maskering, bias og magten til at definere menneskelig lidelse.<\/h3>\n\n\n\n<p>Der tales i disse \u00e5r meget om, at psykiatrien har brug for en ny vej. En vej v\u00e6k fra forsimplede diagnoser, skr\u00e5sikre forklaringer og forestillingen om, at menneskelig lidelse kan puttes p\u00e6nt i kasser og behandles efter manual.<\/p>\n\n\n\n<p>Den l\u00e6ngsel forst\u00e5r jeg godt.<\/p>\n\n\n\n<p>Jeg er enig i meget af kritikken af, hvordan diagnoser ofte bliver brugt som forklaringer, identiteter og n\u00e6sten naturvidenskabelige sandheder, selv om virkeligheden er langt mere kompleks. Jeg forst\u00e5r ogs\u00e5 godt \u00f8nsket om at finde en anden ramme for menneskelig lidelse end den klassiske diagnostiske t\u00e6nkning.<\/p>\n\n\n\n<p>Men jeg synes ogs\u00e5, der mangler noget vigtigt i den debat.<\/p>\n\n\n\n<h3 class=\"wp-block-heading\"><strong>Hvem bestemmer egentlig, hvad der er &#8220;gr\u00e5zoner&#8221;?<\/strong><\/h3>\n\n\n\n<p>Og p\u00e5 hvilket grundlag?<\/p>\n\n\n\n<p>I praksis er det jo ofte et enkelt menneske, eller nogle f\u00e5 mennesker, der p\u00e5 baggrund af relativt kort tid, begr\u00e6nset kontekst, egne teoretiske pr\u00e6ferencer, blinde vinkler og helt almindelige menneskelige sympatier og antipatier skal afg\u00f8re, hvad et andet menneskes lidelse &#8220;er&#8221;. Det er et voldsomt ansvar, og jeg tror \u00e6rligt talt ikke, at \u00e9t enkelt menneske realistisk kan stille den &#8220;rigtige&#8221; diagnose med den sikkerhed, systemet ofte lader som om findes.<\/p>\n\n\n\n<p>Ikke fordi fagfolk n\u00f8dvendigvis er inkompetente eller ligeglade. Men fordi:<\/p>\n\n\n\n<ul class=\"wp-block-list\">\n<li>ingen kan vide nok om alle diagnoser, alle differentialdiagnoser, traumer, autisme, ADHD, dissociation, personlighedsproblematikker, psykosef\u00e6nomener, bivirkninger, social belastning, maskering osv.<\/li>\n\n\n\n<li>ingen st\u00e5r uden egne forforst\u00e5elser<\/li>\n\n\n\n<li>ingen er immune over for, hvad de leder efter<\/li>\n\n\n\n<li>og n\u00e6sten ingen har den tid, der faktisk skal til<\/li>\n<\/ul>\n\n\n\n<p>Derfor bliver sp\u00f8rgsm\u00e5let ikke bare, hvad patienten fejler, men ogs\u00e5:<\/p>\n\n\n\n<h3 class=\"wp-block-heading\"><strong>Hvad ser klinikeren? Hvad leder klinikeren efter? Hvad overser klinikeren? Hvordan p\u00e5virker relationen vurderingen?<\/strong><\/h3>\n\n\n\n<p>For ja, jeg tror desv\u00e6rre ogs\u00e5, at det betyder noget, om patienten opleves som &#8220;sympatisk&#8221;, samarbejdende, rolig, velformuleret, trov\u00e6rdig, &#8220;som en der vil hj\u00e6lpes&#8221;, eller om patienten opleves som besv\u00e6rlig, vred, kaotisk, ambivalent, afvisende eller bare forkert p\u00e5 den m\u00e5de, som nogle fagfolk reagerer negativt p\u00e5.<\/p>\n\n\n\n<p>Og s\u00e5 risikerer man ikke bare fejl, men ogs\u00e5 det, jeg lidt groft vil kalde <strong>de mere usympatiske diagnoser<\/strong>. Ikke fordi diagnoser i sig selv er moralske kategorier, men fordi de i praksis ofte behandles s\u00e5dan.<\/p>\n\n\n\n<p>Det er ogs\u00e5 derfor, jeg bliver skeptisk, n\u00e5r nogen taler om &#8220;lettere grader&#8221;, &#8220;gr\u00e5zone&#8221;, &#8220;subt\u00e6rskel&#8221; eller &#8220;patients on the margin&#8221;, som om det er en neutral og objektiv kategori.<\/p>\n\n\n\n<p>For hvem er det egentlig, der st\u00e5r p\u00e5 marginen?<\/p>\n\n\n\n<p>Patienten?<br>Eller fagpersonens sikkerhed?<\/p>\n\n\n\n<p>Har man overvejet maskering? Har man overvejet, hvor meget mennesker kan skjule? Har man overvejet, at nogle af dem, der ser mindst &#8220;forpinte&#8221; ud, kan v\u00e6re dem, der i \u00e5revis har brugt alle kr\u00e6fter p\u00e5 at ligne nogen, der er okay?<\/p>\n\n\n\n<p>Jeg er selv ofte blevet opfattet som mindre forpint, mindre syg eller mindre p\u00e5virket, end jeg reelt var. Men det h\u00e6nger d\u00e5rligt sammen med over 30 suicidalfors\u00f8g p\u00e5 10 \u00e5r.<\/p>\n\n\n\n<p>Den slags burde m\u00e5ske f\u00e5 os til at stoppe op og sp\u00f8rge, hvor meget vi egentlig kan vurdere ud fra fremtoning, tonefald, \u00f8jenkontakt, verbalitet eller &#8220;det kliniske indtryk&#8221;.<\/p>\n\n\n\n<p>For mig er det derfor ikke nok at kritisere diagnoser som forklaringer. Man bliver ogs\u00e5 n\u00f8dt til at kritisere <strong>selve sikkerheden i den diagnostiske praksis<\/strong>. Ikke kun kategorierne, men den autoritet og skr\u00e5sikkerhed, de ofte bliver udtalt med.<\/p>\n\n\n\n<p>Jeg er ikke pro-diagnoser. Jeg er pro-ydmyghed, pro-nuancer og imod, at diagnoser bliver brugt som domme.<\/p>\n\n\n\n<p>N\u00e5r det er sagt, synes jeg ogs\u00e5, der er en vigtig risiko i den anden gr\u00f8ft: at man kommer til at tale, som om diagnoser og medicin prim\u00e6rt er noget, patienter \u00f8nsker, fordi de er blevet forf\u00f8rt af sociale medier, biologiske fort\u00e6llinger eller dr\u00f8mmen om en hurtig forklaring.<\/p>\n\n\n\n<p>Nogle patienter \u00f8nsker ikke en diagnose for at f\u00e5 en identitet. Nogle \u00f8nsker ikke medicin som en &#8220;sandhed om hjernen&#8221;. Nogle er desperate. Nogle mangler penge til alternativer. Nogle har v\u00e6ret t\u00e6t p\u00e5 d\u00f8den. Nogle f\u00e5r faktisk en reel bedring, som g\u00f8r dem i stand til at tale, indg\u00e5 i relationer og overhovedet modtage hj\u00e6lp.<\/p>\n\n\n\n<p>I mit eget tilf\u00e6lde \u00f8nskede jeg egentlig noget andet end medicin, da jeg fik nye diagnoser. Men der var ingen reelle, tilg\u00e6ngelige alternativer, som jeg havde r\u00e5d til. Jeg var desperat. Og medicinen stoppede faktisk suicidalfors\u00f8gene. Ikke som et mirakel. Ikke som en total l\u00f8sning. Men nok til, at jeg fik en chance for at v\u00e6re i live og blive mere tilg\u00e6ngelig for kontakt og st\u00f8tte.<\/p>\n\n\n\n<p>Det betyder ikke, at diagnoser er sande essenser, eller at medicin er svaret p\u00e5 menneskelig lidelse. Men det betyder, at debatten bliver for grov, hvis man overser, at nogle mennesker reelt bliver hjulpet, samtidig med at andre bliver skadet.<\/p>\n\n\n\n<h3 class=\"wp-block-heading\"><strong>Begge dele findes.<\/strong><\/h3>\n\n\n\n<p>M\u00e5ske er problemet derfor ikke kun diagnoserne, men ogs\u00e5:<\/p>\n\n\n\n<ul class=\"wp-block-list\">\n<li>manglen p\u00e5 tid<\/li>\n\n\n\n<li>manglen p\u00e5 ydmyghed<\/li>\n\n\n\n<li>manglen p\u00e5 alternativer<\/li>\n\n\n\n<li>manglen p\u00e5 reel nysgerrighed p\u00e5 maskering, traumer, kontekst og fejlmuligheder<\/li>\n\n\n\n<li>og manglen p\u00e5 villighed til at sige: <em>&#8220;Jeg ved det faktisk ikke sikkert<\/em>&#8220;<\/li>\n<\/ul>\n\n\n\n<p>Hvis man vil have en ny vej i psykiatrien, tror jeg ikke, det er nok at udskifte \u00e9n forklaringsramme med en anden. Man bliver n\u00f8dt til ogs\u00e5 at tage fat p\u00e5 magten i, <strong>hvem der f\u00e5r lov til at definere, hvad et andet menneskes lidelse betyder<\/strong>.<\/p>\n\n\n\n<p>Og d\u00e9r burde vi m\u00e5ske v\u00e6re mere varsomme med ordet &#8220;gr\u00e5zone&#8221;.<\/p>\n\n\n\n<p>For nogle mennesker er det, fagpersonen kalder en gr\u00e5zone, ikke en gr\u00e5zone at leve i.<\/p>\n\n\n\n<h3 class=\"wp-block-heading\"><strong>Det er et helvede.<\/strong><\/h3>\n\n\n\n<hr>\n\n<h2>L\u00e6s videre<\/h2>\n\n<h3>Indg\u00e5ende links (mine egne indl\u00e6g)<\/h3>\n<ul>\n  <li><a href=\"\/blog\/diagnostisk-ustabilitet-psykiatri\/\">\ud83d\udca5 Diagnostisk ustabilitet forkl\u00e6dt som stabilitet<\/a><\/li>\n  <li><a href=\"\/blog\/traume-intet\/\">\u201cTraume: Intet\u201d \u2013 hvorfor det nogle gange betyder det modsatte<\/a><\/li>\n  <li><a href=\"\/blog\/pt-oplever-epistemisk-uretfaerdighed\/\">N\u00e5r journalen siger \u201cpt. oplever\u201d og man h\u00f8rer \u201cdu tager fejl\u201d \ud83d\ude35\u200d\ud83d\udcab<\/a><\/li>\n  <li><a href=\"\/blog\/fejl-psykiatriske-journaler-mistolkning\/\">Del 1 \u2013 N\u00e5r systemet fejll\u00e6ser dig<\/a><\/li>\n  <li><a href=\"\/blog\/kan-diagnostic-overshadowing-fremprovokere-paranoia\/\">KAN DIAGNOSTIC OVERSHADOWING FREMPROVOKERE PARANOIA?<\/a><\/li>\n  <li><a href=\"\/blog\/det-ved-jeg-ikke-naar-autister-ikke-kan-forklare-sig\/\">\u2728 Det ved jeg ikke: Hvorfor autister ofte ikke kan forklare sig \u2728<\/a><\/li>\n<\/ul>\n\n<h3>Udg\u00e5ende links (kilder og videre l\u00e6sning)<\/h3>\n<ul>\n  <li><a href=\"https:\/\/www.madinamerica.com\/wp-content\/uploads\/2020\/12\/The-Power-Threat-Meaning-Framework.pdf\" target=\"_blank\" rel=\"noopener noreferrer\">The Power Threat Meaning Framework (PTMF) (PDF)<\/a><\/li>\n  <li><a href=\"https:\/\/www.autismeforeningen.dk\/autisme\/udgivelser\/videncenter\/maskering\/maskering-ser-forskellig-ud-fra-person-til-person\/\" target=\"_blank\" rel=\"noopener noreferrer\">Autismeforeningen: Maskering ser forskellig ud fra person til person<\/a><\/li>\n  <li><a href=\"https:\/\/patientsikkerhed.dk\/der-mangler-forskning-i-diagnosefejl-inden-for-psykiatrien\/\" target=\"_blank\" rel=\"noopener noreferrer\">Styrelsen for Patientsikkerhed: Der mangler forskning i diagnosefejl i psykiatrien<\/a><\/li>\n  <li><a href=\"https:\/\/www.autismeforeningen.dk\/media\/eqemexon\/trauma-and-autistic-adults.pdf\" target=\"_blank\" rel=\"noopener noreferrer\">Trauma and Autistic Adults (PDF)<\/a><\/li>\n  <li><a href=\"https:\/\/tidsskrift.dk\/sjcapp\/article\/download\/15902\/15462\/40396\" target=\"_blank\" rel=\"noopener noreferrer\">Trubanova et al. (2014): Underidentification of Autism Spectrum Disorder in Females (PDF)<\/a><\/li>\n<\/ul>\n","protected":false},"excerpt":{"rendered":"<p>Der tales meget om behovet for en ny vej i psykiatrien. Men hvem bestemmer egentlig, hvad der er en &#8220;gr\u00e5zone&#8221;? Et personligt og systemkritisk indl\u00e6g om diagnostisk usikkerhed, maskering, bias og hvorfor nogle mennesker bliver fejlbed\u00f8mt, netop fordi de ikke ser &#8220;forpinte nok&#8221; ud.<\/p>\n","protected":false},"author":1,"featured_media":3322,"comment_status":"open","ping_status":"closed","sticky":false,"template":"","format":"standard","meta":{"neve_meta_sidebar":"","neve_meta_container":"","neve_meta_enable_content_width":"","neve_meta_content_width":0,"neve_meta_title_alignment":"","neve_meta_author_avatar":"","neve_post_elements_order":"","neve_meta_disable_header":"","neve_meta_disable_footer":"","neve_meta_disable_title":"","jetpack_post_was_ever_published":false,"_jetpack_newsletter_access":"","_jetpack_dont_email_post_to_subs":false,"_jetpack_newsletter_tier_id":0,"_jetpack_memberships_contains_paywalled_content":false,"_jetpack_memberships_contains_paid_content":false,"footnotes":""},"categories":[95,163,72,1,309],"tags":[103,182,429,432,433,434,314,43,322,435],"class_list":["post-3319","post","type-post","status-publish","format-standard","has-post-thumbnail","hentry","category-fejldiagnoser-bias-i-psykiatrien","category-psykiatri-diagnoser","category-psykiatri-kritik-patientrettigheder","category-uncategorized","category-vidnesbyrd","tag-adhd","tag-autisme","tag-bias","tag-diagnostisk-usikkerhed","tag-fejldiagnoser","tag-maskering","tag-patientperspektiv","tag-psykiatri","tag-psykiatrikritik","tag-psykisk-lidelse"],"yoast_head":"<!-- This site is optimized with the Yoast SEO plugin v27.5 - https:\/\/yoast.com\/product\/yoast-seo-wordpress\/ -->\n<title>Diagnostisk usikkerhed i psykiatrien | Hvem bestemmer gr\u00e5zonen?<\/title>\n<meta name=\"description\" content=\"Hvem afg\u00f8r, hvad der er en &quot;gr\u00e5zone&quot; i psykiatrien? Et kritisk indl\u00e6g om diagnostisk usikkerhed, maskering, bias, medicin og magten til at definere lidelse.\" \/>\n<meta name=\"robots\" content=\"index, follow, max-snippet:-1, max-image-preview:large, max-video-preview:-1\" \/>\n<link rel=\"canonical\" href=\"https:\/\/prinsessepower.wtf\/blog\/hvem-bestemmer-graazonen\/\" \/>\n<meta property=\"og:locale\" content=\"da_DK\" \/>\n<meta property=\"og:type\" content=\"article\" \/>\n<meta property=\"og:title\" content=\"Diagnostisk usikkerhed i psykiatrien | Hvem bestemmer gr\u00e5zonen?\" \/>\n<meta property=\"og:description\" content=\"Hvem afg\u00f8r, hvad der er en &quot;gr\u00e5zone&quot; i psykiatrien? Et kritisk indl\u00e6g om diagnostisk usikkerhed, maskering, bias, medicin og magten til at definere lidelse.\" \/>\n<meta property=\"og:url\" content=\"https:\/\/prinsessepower.wtf\/blog\/hvem-bestemmer-graazonen\/\" \/>\n<meta property=\"og:site_name\" content=\"Krigerprinsessen konfronterer\" \/>\n<meta property=\"article:published_time\" content=\"2026-03-08T17:46:00+00:00\" \/>\n<meta property=\"article:modified_time\" content=\"2026-03-08T17:46:04+00:00\" \/>\n<meta property=\"og:image\" content=\"https:\/\/prinsessepower.wtf\/blog\/wp-content\/uploads\/2026\/03\/diagnostisk-usikkerhed-psykiatrien.jpg\" \/>\n\t<meta property=\"og:image:width\" content=\"1200\" \/>\n\t<meta property=\"og:image:height\" content=\"800\" \/>\n\t<meta property=\"og:image:type\" content=\"image\/jpeg\" \/>\n<meta name=\"author\" content=\"DiademX\" \/>\n<meta name=\"twitter:card\" content=\"summary_large_image\" \/>\n<meta name=\"twitter:label1\" content=\"Skrevet af\" \/>\n\t<meta name=\"twitter:data1\" content=\"DiademX\" \/>\n\t<meta name=\"twitter:label2\" content=\"Estimeret l\u00e6setid\" \/>\n\t<meta name=\"twitter:data2\" content=\"6 minutter\" \/>\n<script type=\"application\/ld+json\" class=\"yoast-schema-graph\">{\"@context\":\"https:\\\/\\\/schema.org\",\"@graph\":[{\"@type\":[\"Article\",\"BlogPosting\"],\"@id\":\"https:\\\/\\\/prinsessepower.wtf\\\/blog\\\/hvem-bestemmer-graazonen\\\/#article\",\"isPartOf\":{\"@id\":\"https:\\\/\\\/prinsessepower.wtf\\\/blog\\\/hvem-bestemmer-graazonen\\\/\"},\"author\":{\"name\":\"DiademX\",\"@id\":\"https:\\\/\\\/prinsessepower.wtf\\\/blog\\\/#\\\/schema\\\/person\\\/365b41744f8ad5976d5939d15672c816\"},\"headline\":\"Hvem bestemmer, hvad der er en gr\u00e5zone?\",\"datePublished\":\"2026-03-08T17:46:00+00:00\",\"dateModified\":\"2026-03-08T17:46:04+00:00\",\"mainEntityOfPage\":{\"@id\":\"https:\\\/\\\/prinsessepower.wtf\\\/blog\\\/hvem-bestemmer-graazonen\\\/\"},\"wordCount\":1072,\"commentCount\":0,\"publisher\":{\"@id\":\"https:\\\/\\\/prinsessepower.wtf\\\/blog\\\/#\\\/schema\\\/person\\\/365b41744f8ad5976d5939d15672c816\"},\"image\":{\"@id\":\"https:\\\/\\\/prinsessepower.wtf\\\/blog\\\/hvem-bestemmer-graazonen\\\/#primaryimage\"},\"thumbnailUrl\":\"https:\\\/\\\/i0.wp.com\\\/prinsessepower.wtf\\\/blog\\\/wp-content\\\/uploads\\\/2026\\\/03\\\/diagnostisk-usikkerhed-psykiatrien.jpg?fit=1200%2C800&ssl=1\",\"keywords\":[\"adhd\",\"Autisme\",\"bias\",\"diagnostisk usikkerhed\",\"fejldiagnoser\",\"maskering\",\"patientperspektiv\",\"psykiatri\",\"psykiatrikritik\",\"psykisk lidelse\"],\"articleSection\":[\"Fejldiagnoser &amp; Bias i Psykiatrien\",\"Psykiatri &amp; Diagnoser\",\"Psykiatri Kritik &amp; Patientrettigheder\",\"Uncategorized\",\"Vidnesbyrd\"],\"inLanguage\":\"da-DK\",\"potentialAction\":[{\"@type\":\"CommentAction\",\"name\":\"Comment\",\"target\":[\"https:\\\/\\\/prinsessepower.wtf\\\/blog\\\/hvem-bestemmer-graazonen\\\/#respond\"]}]},{\"@type\":\"WebPage\",\"@id\":\"https:\\\/\\\/prinsessepower.wtf\\\/blog\\\/hvem-bestemmer-graazonen\\\/\",\"url\":\"https:\\\/\\\/prinsessepower.wtf\\\/blog\\\/hvem-bestemmer-graazonen\\\/\",\"name\":\"Diagnostisk usikkerhed i psykiatrien | Hvem bestemmer gr\u00e5zonen?\",\"isPartOf\":{\"@id\":\"https:\\\/\\\/prinsessepower.wtf\\\/blog\\\/#website\"},\"primaryImageOfPage\":{\"@id\":\"https:\\\/\\\/prinsessepower.wtf\\\/blog\\\/hvem-bestemmer-graazonen\\\/#primaryimage\"},\"image\":{\"@id\":\"https:\\\/\\\/prinsessepower.wtf\\\/blog\\\/hvem-bestemmer-graazonen\\\/#primaryimage\"},\"thumbnailUrl\":\"https:\\\/\\\/i0.wp.com\\\/prinsessepower.wtf\\\/blog\\\/wp-content\\\/uploads\\\/2026\\\/03\\\/diagnostisk-usikkerhed-psykiatrien.jpg?fit=1200%2C800&ssl=1\",\"datePublished\":\"2026-03-08T17:46:00+00:00\",\"dateModified\":\"2026-03-08T17:46:04+00:00\",\"description\":\"Hvem afg\u00f8r, hvad der er en \\\"gr\u00e5zone\\\" i psykiatrien? Et kritisk indl\u00e6g om diagnostisk usikkerhed, maskering, bias, medicin og magten til at definere lidelse.\",\"breadcrumb\":{\"@id\":\"https:\\\/\\\/prinsessepower.wtf\\\/blog\\\/hvem-bestemmer-graazonen\\\/#breadcrumb\"},\"inLanguage\":\"da-DK\",\"potentialAction\":[{\"@type\":\"ReadAction\",\"target\":[\"https:\\\/\\\/prinsessepower.wtf\\\/blog\\\/hvem-bestemmer-graazonen\\\/\"]}]},{\"@type\":\"ImageObject\",\"inLanguage\":\"da-DK\",\"@id\":\"https:\\\/\\\/prinsessepower.wtf\\\/blog\\\/hvem-bestemmer-graazonen\\\/#primaryimage\",\"url\":\"https:\\\/\\\/i0.wp.com\\\/prinsessepower.wtf\\\/blog\\\/wp-content\\\/uploads\\\/2026\\\/03\\\/diagnostisk-usikkerhed-psykiatrien.jpg?fit=1200%2C800&ssl=1\",\"contentUrl\":\"https:\\\/\\\/i0.wp.com\\\/prinsessepower.wtf\\\/blog\\\/wp-content\\\/uploads\\\/2026\\\/03\\\/diagnostisk-usikkerhed-psykiatrien.jpg?fit=1200%2C800&ssl=1\",\"width\":1200,\"height\":800,\"caption\":\"\ud83d\udcf7 En d\u00f8r kan ligne en gr\u00e6nse. En gang kan ligne en \\\"gr\u00e5zone\\\". Sp\u00f8rgsm\u00e5let er: Hvem har tegnet stregerne? Foto: Ryan McGuire via Pixabay.\"},{\"@type\":\"BreadcrumbList\",\"@id\":\"https:\\\/\\\/prinsessepower.wtf\\\/blog\\\/hvem-bestemmer-graazonen\\\/#breadcrumb\",\"itemListElement\":[{\"@type\":\"ListItem\",\"position\":1,\"name\":\"Slottet\",\"item\":\"https:\\\/\\\/prinsessepower.wtf\\\/blog\\\/\"},{\"@type\":\"ListItem\",\"position\":2,\"name\":\"Hvem bestemmer, hvad der er en gr\u00e5zone?\"}]},{\"@type\":\"WebSite\",\"@id\":\"https:\\\/\\\/prinsessepower.wtf\\\/blog\\\/#website\",\"url\":\"https:\\\/\\\/prinsessepower.wtf\\\/blog\\\/\",\"name\":\"Krigerprinsessen konfronterer\",\"description\":\"\ud83d\udca5 Tryk avler modtryk \ud83d\udca5\",\"publisher\":{\"@id\":\"https:\\\/\\\/prinsessepower.wtf\\\/blog\\\/#\\\/schema\\\/person\\\/365b41744f8ad5976d5939d15672c816\"},\"alternateName\":\"Krigerprinsessen konfronterer\",\"potentialAction\":[{\"@type\":\"SearchAction\",\"target\":{\"@type\":\"EntryPoint\",\"urlTemplate\":\"https:\\\/\\\/prinsessepower.wtf\\\/blog\\\/?s={search_term_string}\"},\"query-input\":{\"@type\":\"PropertyValueSpecification\",\"valueRequired\":true,\"valueName\":\"search_term_string\"}}],\"inLanguage\":\"da-DK\"},{\"@type\":[\"Person\",\"Organization\"],\"@id\":\"https:\\\/\\\/prinsessepower.wtf\\\/blog\\\/#\\\/schema\\\/person\\\/365b41744f8ad5976d5939d15672c816\",\"name\":\"DiademX\",\"image\":{\"@type\":\"ImageObject\",\"inLanguage\":\"da-DK\",\"@id\":\"https:\\\/\\\/i0.wp.com\\\/prinsessepower.wtf\\\/blog\\\/wp-content\\\/uploads\\\/2024\\\/10\\\/DiademX20240621b-scaled.jpg?fit=2356%2C2560&ssl=1\",\"url\":\"https:\\\/\\\/i0.wp.com\\\/prinsessepower.wtf\\\/blog\\\/wp-content\\\/uploads\\\/2024\\\/10\\\/DiademX20240621b-scaled.jpg?fit=2356%2C2560&ssl=1\",\"contentUrl\":\"https:\\\/\\\/i0.wp.com\\\/prinsessepower.wtf\\\/blog\\\/wp-content\\\/uploads\\\/2024\\\/10\\\/DiademX20240621b-scaled.jpg?fit=2356%2C2560&ssl=1\",\"width\":2356,\"height\":2560,\"caption\":\"DiademX\"},\"logo\":{\"@id\":\"https:\\\/\\\/i0.wp.com\\\/prinsessepower.wtf\\\/blog\\\/wp-content\\\/uploads\\\/2024\\\/10\\\/DiademX20240621b-scaled.jpg?fit=2356%2C2560&ssl=1\"},\"description\":\"F\u00f8dt i 1975. M\u00f8dte Mandse i 1998, og flyttede sammen med ham. Fejlbehandlet for skizofreni siden 2001. F\u00f8rste indl\u00e6ggelse i 2004. Giftede mig med Mandse i 2008. I 2009 var vi s\u00e5 heldige, at m\u00f8de Mimi p\u00e5 1\u00bd \u00e5r, som var en lille DSG\\\/gravhund. Anden indl\u00e6ggelse i 2012. Svingd\u00f8rspatient, selvskadende og suicidal siden 2013. I 2021 m\u00e5tte vores lille nussepige Mimi desv\u00e6rre forlade os. Senere p\u00e5 \u00e5ret hentede vi Walther (B\u00f8ffe) p\u00e5 Fyn (75% gravhund\\\/25% DSG). Medicinfri (antipsykotika) i 2022. V\u00e6gttab startede primo 2022 (60-65 kg. efter 80 kg. overv\u00e6gt af antipsykotika). Udredt for f\u00f8rste gang i 2024 med diagnoserne autisme, ADHD og kompleks PTSD. Opstart p\u00e5 ADHD-medicin.\",\"sameAs\":[\"https:\\\/\\\/prinsessepower.wtf\\\/blog\",\"https:\\\/\\\/www.linkedin.com\\\/in\\\/sussi-malene-jacobsen--880604282\\\/\"],\"url\":\"https:\\\/\\\/prinsessepower.wtf\\\/blog\\\/author\\\/sushiespice_ldpg9b7u\\\/\"}]}<\/script>\n<!-- \/ Yoast SEO plugin. -->","yoast_head_json":{"title":"Diagnostisk usikkerhed i psykiatrien | Hvem bestemmer gr\u00e5zonen?","description":"Hvem afg\u00f8r, hvad der er en \"gr\u00e5zone\" i psykiatrien? Et kritisk indl\u00e6g om diagnostisk usikkerhed, maskering, bias, medicin og magten til at definere lidelse.","robots":{"index":"index","follow":"follow","max-snippet":"max-snippet:-1","max-image-preview":"max-image-preview:large","max-video-preview":"max-video-preview:-1"},"canonical":"https:\/\/prinsessepower.wtf\/blog\/hvem-bestemmer-graazonen\/","og_locale":"da_DK","og_type":"article","og_title":"Diagnostisk usikkerhed i psykiatrien | Hvem bestemmer gr\u00e5zonen?","og_description":"Hvem afg\u00f8r, hvad der er en \"gr\u00e5zone\" i psykiatrien? Et kritisk indl\u00e6g om diagnostisk usikkerhed, maskering, bias, medicin og magten til at definere lidelse.","og_url":"https:\/\/prinsessepower.wtf\/blog\/hvem-bestemmer-graazonen\/","og_site_name":"Krigerprinsessen konfronterer","article_published_time":"2026-03-08T17:46:00+00:00","article_modified_time":"2026-03-08T17:46:04+00:00","og_image":[{"width":1200,"height":800,"url":"https:\/\/prinsessepower.wtf\/blog\/wp-content\/uploads\/2026\/03\/diagnostisk-usikkerhed-psykiatrien.jpg","type":"image\/jpeg"}],"author":"DiademX","twitter_card":"summary_large_image","twitter_misc":{"Skrevet af":"DiademX","Estimeret l\u00e6setid":"6 minutter"},"schema":{"@context":"https:\/\/schema.org","@graph":[{"@type":["Article","BlogPosting"],"@id":"https:\/\/prinsessepower.wtf\/blog\/hvem-bestemmer-graazonen\/#article","isPartOf":{"@id":"https:\/\/prinsessepower.wtf\/blog\/hvem-bestemmer-graazonen\/"},"author":{"name":"DiademX","@id":"https:\/\/prinsessepower.wtf\/blog\/#\/schema\/person\/365b41744f8ad5976d5939d15672c816"},"headline":"Hvem bestemmer, hvad der er en gr\u00e5zone?","datePublished":"2026-03-08T17:46:00+00:00","dateModified":"2026-03-08T17:46:04+00:00","mainEntityOfPage":{"@id":"https:\/\/prinsessepower.wtf\/blog\/hvem-bestemmer-graazonen\/"},"wordCount":1072,"commentCount":0,"publisher":{"@id":"https:\/\/prinsessepower.wtf\/blog\/#\/schema\/person\/365b41744f8ad5976d5939d15672c816"},"image":{"@id":"https:\/\/prinsessepower.wtf\/blog\/hvem-bestemmer-graazonen\/#primaryimage"},"thumbnailUrl":"https:\/\/i0.wp.com\/prinsessepower.wtf\/blog\/wp-content\/uploads\/2026\/03\/diagnostisk-usikkerhed-psykiatrien.jpg?fit=1200%2C800&ssl=1","keywords":["adhd","Autisme","bias","diagnostisk usikkerhed","fejldiagnoser","maskering","patientperspektiv","psykiatri","psykiatrikritik","psykisk lidelse"],"articleSection":["Fejldiagnoser &amp; Bias i Psykiatrien","Psykiatri &amp; Diagnoser","Psykiatri Kritik &amp; Patientrettigheder","Uncategorized","Vidnesbyrd"],"inLanguage":"da-DK","potentialAction":[{"@type":"CommentAction","name":"Comment","target":["https:\/\/prinsessepower.wtf\/blog\/hvem-bestemmer-graazonen\/#respond"]}]},{"@type":"WebPage","@id":"https:\/\/prinsessepower.wtf\/blog\/hvem-bestemmer-graazonen\/","url":"https:\/\/prinsessepower.wtf\/blog\/hvem-bestemmer-graazonen\/","name":"Diagnostisk usikkerhed i psykiatrien | Hvem bestemmer gr\u00e5zonen?","isPartOf":{"@id":"https:\/\/prinsessepower.wtf\/blog\/#website"},"primaryImageOfPage":{"@id":"https:\/\/prinsessepower.wtf\/blog\/hvem-bestemmer-graazonen\/#primaryimage"},"image":{"@id":"https:\/\/prinsessepower.wtf\/blog\/hvem-bestemmer-graazonen\/#primaryimage"},"thumbnailUrl":"https:\/\/i0.wp.com\/prinsessepower.wtf\/blog\/wp-content\/uploads\/2026\/03\/diagnostisk-usikkerhed-psykiatrien.jpg?fit=1200%2C800&ssl=1","datePublished":"2026-03-08T17:46:00+00:00","dateModified":"2026-03-08T17:46:04+00:00","description":"Hvem afg\u00f8r, hvad der er en \"gr\u00e5zone\" i psykiatrien? Et kritisk indl\u00e6g om diagnostisk usikkerhed, maskering, bias, medicin og magten til at definere lidelse.","breadcrumb":{"@id":"https:\/\/prinsessepower.wtf\/blog\/hvem-bestemmer-graazonen\/#breadcrumb"},"inLanguage":"da-DK","potentialAction":[{"@type":"ReadAction","target":["https:\/\/prinsessepower.wtf\/blog\/hvem-bestemmer-graazonen\/"]}]},{"@type":"ImageObject","inLanguage":"da-DK","@id":"https:\/\/prinsessepower.wtf\/blog\/hvem-bestemmer-graazonen\/#primaryimage","url":"https:\/\/i0.wp.com\/prinsessepower.wtf\/blog\/wp-content\/uploads\/2026\/03\/diagnostisk-usikkerhed-psykiatrien.jpg?fit=1200%2C800&ssl=1","contentUrl":"https:\/\/i0.wp.com\/prinsessepower.wtf\/blog\/wp-content\/uploads\/2026\/03\/diagnostisk-usikkerhed-psykiatrien.jpg?fit=1200%2C800&ssl=1","width":1200,"height":800,"caption":"\ud83d\udcf7 En d\u00f8r kan ligne en gr\u00e6nse. En gang kan ligne en \"gr\u00e5zone\". Sp\u00f8rgsm\u00e5let er: Hvem har tegnet stregerne? Foto: Ryan McGuire via Pixabay."},{"@type":"BreadcrumbList","@id":"https:\/\/prinsessepower.wtf\/blog\/hvem-bestemmer-graazonen\/#breadcrumb","itemListElement":[{"@type":"ListItem","position":1,"name":"Slottet","item":"https:\/\/prinsessepower.wtf\/blog\/"},{"@type":"ListItem","position":2,"name":"Hvem bestemmer, hvad der er en gr\u00e5zone?"}]},{"@type":"WebSite","@id":"https:\/\/prinsessepower.wtf\/blog\/#website","url":"https:\/\/prinsessepower.wtf\/blog\/","name":"Krigerprinsessen konfronterer","description":"\ud83d\udca5 Tryk avler modtryk \ud83d\udca5","publisher":{"@id":"https:\/\/prinsessepower.wtf\/blog\/#\/schema\/person\/365b41744f8ad5976d5939d15672c816"},"alternateName":"Krigerprinsessen konfronterer","potentialAction":[{"@type":"SearchAction","target":{"@type":"EntryPoint","urlTemplate":"https:\/\/prinsessepower.wtf\/blog\/?s={search_term_string}"},"query-input":{"@type":"PropertyValueSpecification","valueRequired":true,"valueName":"search_term_string"}}],"inLanguage":"da-DK"},{"@type":["Person","Organization"],"@id":"https:\/\/prinsessepower.wtf\/blog\/#\/schema\/person\/365b41744f8ad5976d5939d15672c816","name":"DiademX","image":{"@type":"ImageObject","inLanguage":"da-DK","@id":"https:\/\/i0.wp.com\/prinsessepower.wtf\/blog\/wp-content\/uploads\/2024\/10\/DiademX20240621b-scaled.jpg?fit=2356%2C2560&ssl=1","url":"https:\/\/i0.wp.com\/prinsessepower.wtf\/blog\/wp-content\/uploads\/2024\/10\/DiademX20240621b-scaled.jpg?fit=2356%2C2560&ssl=1","contentUrl":"https:\/\/i0.wp.com\/prinsessepower.wtf\/blog\/wp-content\/uploads\/2024\/10\/DiademX20240621b-scaled.jpg?fit=2356%2C2560&ssl=1","width":2356,"height":2560,"caption":"DiademX"},"logo":{"@id":"https:\/\/i0.wp.com\/prinsessepower.wtf\/blog\/wp-content\/uploads\/2024\/10\/DiademX20240621b-scaled.jpg?fit=2356%2C2560&ssl=1"},"description":"F\u00f8dt i 1975. M\u00f8dte Mandse i 1998, og flyttede sammen med ham. Fejlbehandlet for skizofreni siden 2001. F\u00f8rste indl\u00e6ggelse i 2004. Giftede mig med Mandse i 2008. I 2009 var vi s\u00e5 heldige, at m\u00f8de Mimi p\u00e5 1\u00bd \u00e5r, som var en lille DSG\/gravhund. Anden indl\u00e6ggelse i 2012. Svingd\u00f8rspatient, selvskadende og suicidal siden 2013. I 2021 m\u00e5tte vores lille nussepige Mimi desv\u00e6rre forlade os. Senere p\u00e5 \u00e5ret hentede vi Walther (B\u00f8ffe) p\u00e5 Fyn (75% gravhund\/25% DSG). Medicinfri (antipsykotika) i 2022. V\u00e6gttab startede primo 2022 (60-65 kg. efter 80 kg. overv\u00e6gt af antipsykotika). Udredt for f\u00f8rste gang i 2024 med diagnoserne autisme, ADHD og kompleks PTSD. Opstart p\u00e5 ADHD-medicin.","sameAs":["https:\/\/prinsessepower.wtf\/blog","https:\/\/www.linkedin.com\/in\/sussi-malene-jacobsen--880604282\/"],"url":"https:\/\/prinsessepower.wtf\/blog\/author\/sushiespice_ldpg9b7u\/"}]}},"jetpack_featured_media_url":"https:\/\/i0.wp.com\/prinsessepower.wtf\/blog\/wp-content\/uploads\/2026\/03\/diagnostisk-usikkerhed-psykiatrien.jpg?fit=1200%2C800&ssl=1","jetpack_sharing_enabled":true,"_links":{"self":[{"href":"https:\/\/prinsessepower.wtf\/blog\/wp-json\/wp\/v2\/posts\/3319","targetHints":{"allow":["GET"]}}],"collection":[{"href":"https:\/\/prinsessepower.wtf\/blog\/wp-json\/wp\/v2\/posts"}],"about":[{"href":"https:\/\/prinsessepower.wtf\/blog\/wp-json\/wp\/v2\/types\/post"}],"author":[{"embeddable":true,"href":"https:\/\/prinsessepower.wtf\/blog\/wp-json\/wp\/v2\/users\/1"}],"replies":[{"embeddable":true,"href":"https:\/\/prinsessepower.wtf\/blog\/wp-json\/wp\/v2\/comments?post=3319"}],"version-history":[{"count":6,"href":"https:\/\/prinsessepower.wtf\/blog\/wp-json\/wp\/v2\/posts\/3319\/revisions"}],"predecessor-version":[{"id":3327,"href":"https:\/\/prinsessepower.wtf\/blog\/wp-json\/wp\/v2\/posts\/3319\/revisions\/3327"}],"wp:featuredmedia":[{"embeddable":true,"href":"https:\/\/prinsessepower.wtf\/blog\/wp-json\/wp\/v2\/media\/3322"}],"wp:attachment":[{"href":"https:\/\/prinsessepower.wtf\/blog\/wp-json\/wp\/v2\/media?parent=3319"}],"wp:term":[{"taxonomy":"category","embeddable":true,"href":"https:\/\/prinsessepower.wtf\/blog\/wp-json\/wp\/v2\/categories?post=3319"},{"taxonomy":"post_tag","embeddable":true,"href":"https:\/\/prinsessepower.wtf\/blog\/wp-json\/wp\/v2\/tags?post=3319"}],"curies":[{"name":"wp","href":"https:\/\/api.w.org\/{rel}","templated":true}]}}