{"id":3022,"date":"2025-11-07T05:55:32","date_gmt":"2025-11-07T04:55:32","guid":{"rendered":"https:\/\/prinsessepower.wtf\/blog\/?p=3022"},"modified":"2025-11-07T05:55:35","modified_gmt":"2025-11-07T04:55:35","slug":"til-dig-der-saa-igennem-mig","status":"publish","type":"post","link":"https:\/\/prinsessepower.wtf\/blog\/til-dig-der-saa-igennem-mig\/","title":{"rendered":"Til dig, der s\u00e5 igennem mig \u2013 men ikke ind i mig"},"content":{"rendered":"<p class=\"featured-caption\" style=\"text-align: center; font-style: italic; color: gray;\">\ud83d\udcf7 Foto: Annie Spratt\n via Unsplash<\/p>\n<p>Mange, der arbejder med mennesker, tror, de kan kende forskel p\u00e5 manipulation og overlevelse.<\/p>\n\n\n\n<p>Denne tekst udfordrer den tanke.<\/p>\n\n\n\n<p>Jeg skrev den, fordi jeg l\u00e6nge blev misforst\u00e5et \u2013 set som dramatisk, manipulerende, \u201cfor meget\u201d.<br>Men i virkeligheden fors\u00f8gte jeg bare at signalere, at jeg ikke kunne mere.<\/p>\n\n\n\n<p>Vi taler for lidt om, hvordan smerte ser ud, n\u00e5r man <em>ikke<\/em> passer ind i manualen for \u201cden rigtige m\u00e5de at have det d\u00e5rligt p\u00e5\u201d.<\/p>\n\n\n\n<p>Det her er ikke et r\u00e5b om hj\u00e6lp.<br>Det er et vidnesbyrd \u2013 om at overlevelse ogs\u00e5 kan blive en vane.<\/p>\n\n\n\n<p>Hvis du l\u00e6ser med, h\u00e5ber jeg, du tager det som en mulighed for at forst\u00e5 \u2013 ikke for at d\u00f8mme.<\/p>\n\n\n\n<h2 class=\"wp-block-heading\">Til dig, der s\u00e5 igennem mig \u2013 men ikke ind i mig<\/h2>\n\n\n\n<p>Du havde ret. Jeg \u201cfakede\u201d.<\/p>\n\n\n\n<p>Ikke for at manipulere, men fordi jeg ikke havde noget andet sprog for min n\u00f8d.<br>Jeg l\u00e6rte tidligt, at det ikke nytter noget at sige \u201cjeg har det d\u00e5rligt\u201d, hvis man ikke samtidig viser det p\u00e5 den rigtige m\u00e5de.<br>Og det har jeg aldrig kunnet.<br>Jeg kan grine, selv n\u00e5r jeg er ved at g\u00e5 i opl\u00f8sning.<br>Jeg kan virke velformuleret, selv n\u00e5r mit nervesystem er i flugt.<\/p>\n\n\n\n<p>Jeg skar i mig selv og talte om selvmord \u2013 ikke fordi jeg ville d\u00f8, men fordi jeg ikke kunne finde en anden m\u00e5de at signalere stop \u2013 det her er for meget.<br>N\u00e5r ingen reagerer p\u00e5 stilheden, begynder man at r\u00e5be.<br>N\u00e5r man r\u00e5ber, bliver man farlig.<br>Og s\u00e5 f\u00e5r man ikke hj\u00e6lp. Man bliver u\u00f8nsket.<\/p>\n\n\n\n<p>Det er det paradoks, jeg levede i:<br>Jeg havde det for d\u00e5rligt til at skjule det \u2013 og for anderledes til at blive troet p\u00e5.<\/p>\n\n\n\n<p>Mine reaktioner blev tolket som spil. Som kontrol. Som \u201cfor meget\u201d.<br>Men i virkeligheden fors\u00f8gte jeg bare at holde sammen p\u00e5 noget, der aldrig var blevet st\u00f8ttet i at h\u00e6nge sammen.<\/p>\n\n\n\n<p>Og ja, det udviklede sig til en vane \u2013 en m\u00e5de at fors\u00f8ge at regulere, udtrykke, overleve \u2013 som jeg stadig k\u00e6mper med.<br>Man l\u00e6gger ikke bare den slags p\u00e5 hylden fra den ene dag til den anden, selvom man gerne vil.<br>Selv n\u00e5r jeg ved, at det ikke hj\u00e6lper \u2013 selv n\u00e5r jeg skammer mig over det \u2013 sidder det i mig som en kode, min krop og hjerne l\u00e6rte for l\u00e6nge siden.<br>Det er ikke noget, jeg er stolt af.<br>Men det er heller ikke noget, jeg valgte.<\/p>\n\n\n\n<p>I dag er det anderledes. Ikke bedre \u2013 bare mere stille.<br>Jeg tror ikke l\u00e6ngere, at jeg kan reddes.<br>Jeg \u00f8nsker ikke opm\u00e6rksomhed. Jeg \u00f8nsker fred.<br>Men jeg ved ogs\u00e5, at mit d\u00f8ds\u00f8nske ikke kan realiseres \u2013 ikke uden min mands tilladelse, og den vil han aldrig give.<br>Han har stoppet mig mere end 30 gange \u2013 fysisk, med sin stemme, med sin frygt, med sine minder, som dukker op, n\u00e5r jeg er t\u00e6t p\u00e5.<\/p>\n\n\n\n<blockquote class=\"wp-block-quote is-layout-flow wp-block-quote-is-layout-flow\">\n<p class=\"has-text-color has-link-color wp-elements-d58998d1ea30201baa5dee9fec991c7f\" style=\"color:#802a80\">\u201cFor et menneske, der virkelig \u00f8nsker at d\u00f8, r\u00e6kker ikke ud.\u201d<\/p>\n<\/blockquote>\n\n\n\n<p>S\u00e5 jeg bliver. For hans skyld. Og for familiens.<br>Men ikke for min egen.<\/p>\n\n\n\n<p>Jeg ville ikke d\u00f8 dengang.<br>Jeg ville bare have, at nogen opdagede, at jeg ikke kunne mere.<br>Nu\u2026 nu vil jeg faktisk bare gerne have fred.<\/p>\n\n\n\n<p>Hvis du l\u00e6ser dette, h\u00e5ber jeg ikke, du f\u00f8ler dig angrebet.<br>Jeg h\u00e5ber, du ser det som en mulighed.<br>For at forst\u00e5, at ikke alle smerter viser sig i \u201cde rigtige former\u201d.<br>Og ikke alle strategier er valg. Nogle er overlevelse.<br>Og nogle af os overlever, alt for l\u00e6nge.<\/p>\n\n\n\n<hr class=\"wp-block-separator has-text-color has-alpha-channel-opacity has-background\" style=\"background-color:#802a80;color:#802a80\"\/>\n\n\n\n<p>\ud83d\udc9c <em>Til minde om alle dem, der blev misforst\u00e5et som \u201cfor meget\u201d \u2013 men som i virkeligheden bare k\u00e6mpede for at blive set som menneske.<\/em><\/p>\n\n\n\n<hr class=\"wp-block-separator has-text-color has-alpha-channel-opacity has-background\" style=\"background-color:#802a80;color:#802a80\"\/>\n\n\n\n<div class=\"kriger-relic\">\n  <div class=\"kriger-badge\">\u2712\ufe0f L\u00e6s ogs\u00e5<\/div>\n\n  <p class=\"kriger-title\"><strong>Flere fra Krigerprinsessen:<\/strong><\/p>\n\n  <ul class=\"kriger-links\">\n    <li>\n      <a href=\"\/blog\/det-ved-jeg-ikke-naar-autister-ikke-kan-forklare-sig\/\">\n        \u2728 Det ved jeg ikke: Hvorfor autister ofte ikke kan forklare sig \u2728\n      <\/a>\n    <\/li>\n    <li>\n      <a href=\"\/blog\/hvordan-psykiatrien-mistolkede-mig-og-hvorfor-jeg-ikke-tier-stille\/\">\n        Hvordan psykiatrien mistolkede mig \u2013 og hvorfor jeg ikke tier stille\n      <\/a>\n    <\/li>\n  <\/ul>\n\n  <p class=\"kriger-ext\"><strong>L\u00e6s ogs\u00e5:<\/strong><\/p>\n  <a href=\"https:\/\/www.autismeungdom.dk\/post\/historier-fra-autister-i-psykiatrien\"\n     target=\"_blank\" rel=\"noopener\">\n     Historier fra autister i psykiatrien \u2013 stemmer, der blev set igennem, men ikke ind i\n  <\/a>\n<\/div>\n\n<style>\n.kriger-relic {\n  border: 2px solid #802A80;\n  background: linear-gradient(135deg,#f8f3ff 0%,#fcfaff 100%);\n  color: #2d0030;\n  padding: 1.6em 1.8em;\n  border-radius: 16px;\n  margin: 2.5em 0;\n  box-shadow: 0 0 20px rgba(107,31,167,0.18);\n  position: relative;\n  overflow: hidden;\n  transition: all 0.3s ease;\n  font-family: \"Noto Sans\", sans-serif;\n  line-height: 1.55;\n}\n\n.kriger-badge {\n  position: absolute;\n  top: -14px; left: 20px;\n  background: #802A80;\n  color: #fff;\n  padding: 3px 10px;\n  border-radius: 8px;\n  font-size: 0.8em;\n  letter-spacing: 0.04em;\n  box-shadow: 0 2px 4px rgba(0,0,0,0.25);\n}\n\n.kriger-title { \n  margin-top: 0.5em;\n  margin-bottom: 0.6em;\n}\n\n.kriger-links {\n  list-style: none;\n  margin: 0 0 1em 0;\n  padding: 0;\n}\n\n.kriger-links li {\n  margin: 0.4em 0;\n}\n\n.kriger-relic a {\n  color: #6B1FA7;\n  text-decoration: none;\n  font-weight: 600;\n  transition: all 0.25s ease;\n}\n\n.kriger-relic a:hover {\n  color: #802A80;\n  text-shadow: 0 0 8px rgba(128,42,128,0.5);\n}\n\n.kriger-ext {\n  margin-top: 1em;\n  margin-bottom: 0.4em;\n}\n\n\/* Eksterne links: lille pil *\/\na[target=\"_blank\"]::after {\n  content: \" \u2197\";\n  font-size: 0.9em;\n  opacity: 0.6;\n}\n\n\/* \ud83c\udf19 Dark mode *\/\n@media (prefers-color-scheme: dark) {\n  .kriger-relic {\n    background: linear-gradient(135deg,#1b1120 0%,#2a1833 100%);\n    border-color: #dcb2ff;\n    box-shadow: 0 0 22px rgba(220,178,255,0.25);\n    color: #f5ecff;\n  }\n  .kriger-relic a {\n    color: #dcb2ff;\n  }\n  .kriger-relic a:hover {\n    color: #fff;\n    text-shadow: 0 0 10px rgba(220,178,255,0.9);\n  }\n  .kriger-badge {\n    background: #dcb2ff;\n    color: #1b1120;\n  }\n}\n<\/style>\n","protected":false},"excerpt":{"rendered":"<p>Et \u00e6rligt vidnesbyrd om misforst\u00e5et smerte, psykiatriens blinde vinkler og k\u00e6rlighed som livsgrund. Om at ville fred \u2013 ikke d\u00f8den.<\/p>\n","protected":false},"author":1,"featured_media":3023,"comment_status":"open","ping_status":"closed","sticky":false,"template":"","format":"standard","meta":{"neve_meta_sidebar":"","neve_meta_container":"","neve_meta_enable_content_width":"","neve_meta_content_width":0,"neve_meta_title_alignment":"","neve_meta_author_avatar":"","neve_post_elements_order":"","neve_meta_disable_header":"","neve_meta_disable_footer":"","neve_meta_disable_title":"","jetpack_post_was_ever_published":false,"_jetpack_newsletter_access":"","_jetpack_dont_email_post_to_subs":false,"_jetpack_newsletter_tier_id":0,"_jetpack_memberships_contains_paywalled_content":false,"_jetpack_memberships_contains_paid_content":false,"footnotes":""},"categories":[307,344,100],"tags":[346,348,203,43,311,345,347],"class_list":["post-3022","post","type-post","status-publish","format-standard","has-post-thumbnail","hentry","category-erfaring","category-overlevelse","category-psykiatri-2","tag-erfaringsstemmer","tag-mandse","tag-overlevelse","tag-psykiatri","tag-traume","tag-usynlig-smerte","tag-vaerdighed"],"yoast_head":"<!-- This site is optimized with the Yoast SEO plugin v27.5 - https:\/\/yoast.com\/product\/yoast-seo-wordpress\/ -->\n<title>Til dig, der s\u00e5 igennem mig \u2013 men ikke ind i mig | Krigerprinsessen Konfronterer<\/title>\n<meta name=\"description\" content=\"Et \u00e6rligt vidnesbyrd om misforst\u00e5et smerte, psykiatriens blinde vinkler og k\u00e6rlighed som livsgrund. Om at ville fred \u2013 ikke d\u00f8den.\" \/>\n<meta name=\"robots\" content=\"index, follow, max-snippet:-1, max-image-preview:large, max-video-preview:-1\" \/>\n<link rel=\"canonical\" href=\"https:\/\/prinsessepower.wtf\/blog\/til-dig-der-saa-igennem-mig\/\" \/>\n<meta property=\"og:locale\" content=\"da_DK\" \/>\n<meta property=\"og:type\" content=\"article\" \/>\n<meta property=\"og:title\" content=\"\u201cFor et menneske, der virkelig \u00f8nsker at d\u00f8, r\u00e6kker ikke ud.\u201d\" \/>\n<meta property=\"og:description\" content=\"En tekst om smerte, overlevelse og k\u00e6rlighed \u2013 og om at blive set igennem, men ikke ind i.\" \/>\n<meta property=\"og:url\" content=\"https:\/\/prinsessepower.wtf\/blog\/til-dig-der-saa-igennem-mig\/\" \/>\n<meta property=\"og:site_name\" content=\"Krigerprinsessen konfronterer\" \/>\n<meta property=\"article:published_time\" content=\"2025-11-07T04:55:32+00:00\" \/>\n<meta property=\"article:modified_time\" content=\"2025-11-07T04:55:35+00:00\" \/>\n<meta property=\"og:image\" content=\"https:\/\/prinsessepower.wtf\/blog\/wp-content\/uploads\/2025\/11\/annie-spratt-UHsCCN5PJrI-unsplash_edit.jpg\" \/>\n\t<meta property=\"og:image:width\" content=\"1200\" \/>\n\t<meta property=\"og:image:height\" content=\"900\" \/>\n\t<meta property=\"og:image:type\" content=\"image\/jpeg\" \/>\n<meta name=\"author\" content=\"DiademX\" \/>\n<meta name=\"twitter:card\" content=\"summary_large_image\" \/>\n<meta name=\"twitter:label1\" content=\"Skrevet af\" \/>\n\t<meta name=\"twitter:data1\" content=\"DiademX\" \/>\n\t<meta name=\"twitter:label2\" content=\"Estimeret l\u00e6setid\" \/>\n\t<meta name=\"twitter:data2\" content=\"4 minutter\" \/>\n<script type=\"application\/ld+json\" class=\"yoast-schema-graph\">{\"@context\":\"https:\\\/\\\/schema.org\",\"@graph\":[{\"@type\":[\"Article\",\"BlogPosting\"],\"@id\":\"https:\\\/\\\/prinsessepower.wtf\\\/blog\\\/til-dig-der-saa-igennem-mig\\\/#article\",\"isPartOf\":{\"@id\":\"https:\\\/\\\/prinsessepower.wtf\\\/blog\\\/til-dig-der-saa-igennem-mig\\\/\"},\"author\":{\"name\":\"DiademX\",\"@id\":\"https:\\\/\\\/prinsessepower.wtf\\\/blog\\\/#\\\/schema\\\/person\\\/365b41744f8ad5976d5939d15672c816\"},\"headline\":\"Til dig, der s\u00e5 igennem mig \u2013 men ikke ind i mig\",\"datePublished\":\"2025-11-07T04:55:32+00:00\",\"dateModified\":\"2025-11-07T04:55:35+00:00\",\"mainEntityOfPage\":{\"@id\":\"https:\\\/\\\/prinsessepower.wtf\\\/blog\\\/til-dig-der-saa-igennem-mig\\\/\"},\"wordCount\":692,\"commentCount\":0,\"publisher\":{\"@id\":\"https:\\\/\\\/prinsessepower.wtf\\\/blog\\\/#\\\/schema\\\/person\\\/365b41744f8ad5976d5939d15672c816\"},\"image\":{\"@id\":\"https:\\\/\\\/prinsessepower.wtf\\\/blog\\\/til-dig-der-saa-igennem-mig\\\/#primaryimage\"},\"thumbnailUrl\":\"https:\\\/\\\/i0.wp.com\\\/prinsessepower.wtf\\\/blog\\\/wp-content\\\/uploads\\\/2025\\\/11\\\/annie-spratt-UHsCCN5PJrI-unsplash_edit.jpg?fit=1200%2C900&ssl=1\",\"keywords\":[\"erfaringsstemmer\",\"Mandse\",\"overlevelse\",\"psykiatri\",\"Traume\",\"usynlig smerte\",\"v\u00e6rdighed\"],\"articleSection\":[\"Erfaring\",\"Overlevelse\",\"Psykiatri\"],\"inLanguage\":\"da-DK\",\"potentialAction\":[{\"@type\":\"CommentAction\",\"name\":\"Comment\",\"target\":[\"https:\\\/\\\/prinsessepower.wtf\\\/blog\\\/til-dig-der-saa-igennem-mig\\\/#respond\"]}]},{\"@type\":\"WebPage\",\"@id\":\"https:\\\/\\\/prinsessepower.wtf\\\/blog\\\/til-dig-der-saa-igennem-mig\\\/\",\"url\":\"https:\\\/\\\/prinsessepower.wtf\\\/blog\\\/til-dig-der-saa-igennem-mig\\\/\",\"name\":\"Til dig, der s\u00e5 igennem mig \u2013 men ikke ind i mig | Krigerprinsessen Konfronterer\",\"isPartOf\":{\"@id\":\"https:\\\/\\\/prinsessepower.wtf\\\/blog\\\/#website\"},\"primaryImageOfPage\":{\"@id\":\"https:\\\/\\\/prinsessepower.wtf\\\/blog\\\/til-dig-der-saa-igennem-mig\\\/#primaryimage\"},\"image\":{\"@id\":\"https:\\\/\\\/prinsessepower.wtf\\\/blog\\\/til-dig-der-saa-igennem-mig\\\/#primaryimage\"},\"thumbnailUrl\":\"https:\\\/\\\/i0.wp.com\\\/prinsessepower.wtf\\\/blog\\\/wp-content\\\/uploads\\\/2025\\\/11\\\/annie-spratt-UHsCCN5PJrI-unsplash_edit.jpg?fit=1200%2C900&ssl=1\",\"datePublished\":\"2025-11-07T04:55:32+00:00\",\"dateModified\":\"2025-11-07T04:55:35+00:00\",\"description\":\"Et \u00e6rligt vidnesbyrd om misforst\u00e5et smerte, psykiatriens blinde vinkler og k\u00e6rlighed som livsgrund. Om at ville fred \u2013 ikke d\u00f8den.\",\"breadcrumb\":{\"@id\":\"https:\\\/\\\/prinsessepower.wtf\\\/blog\\\/til-dig-der-saa-igennem-mig\\\/#breadcrumb\"},\"inLanguage\":\"da-DK\",\"potentialAction\":[{\"@type\":\"ReadAction\",\"target\":[\"https:\\\/\\\/prinsessepower.wtf\\\/blog\\\/til-dig-der-saa-igennem-mig\\\/\"]}]},{\"@type\":\"ImageObject\",\"inLanguage\":\"da-DK\",\"@id\":\"https:\\\/\\\/prinsessepower.wtf\\\/blog\\\/til-dig-der-saa-igennem-mig\\\/#primaryimage\",\"url\":\"https:\\\/\\\/i0.wp.com\\\/prinsessepower.wtf\\\/blog\\\/wp-content\\\/uploads\\\/2025\\\/11\\\/annie-spratt-UHsCCN5PJrI-unsplash_edit.jpg?fit=1200%2C900&ssl=1\",\"contentUrl\":\"https:\\\/\\\/i0.wp.com\\\/prinsessepower.wtf\\\/blog\\\/wp-content\\\/uploads\\\/2025\\\/11\\\/annie-spratt-UHsCCN5PJrI-unsplash_edit.jpg?fit=1200%2C900&ssl=1\",\"width\":1200,\"height\":900,\"caption\":\"\ud83d\udcf7 Foto: Annie Spratt via Unsplash\"},{\"@type\":\"BreadcrumbList\",\"@id\":\"https:\\\/\\\/prinsessepower.wtf\\\/blog\\\/til-dig-der-saa-igennem-mig\\\/#breadcrumb\",\"itemListElement\":[{\"@type\":\"ListItem\",\"position\":1,\"name\":\"Slottet\",\"item\":\"https:\\\/\\\/prinsessepower.wtf\\\/blog\\\/\"},{\"@type\":\"ListItem\",\"position\":2,\"name\":\"Til dig, der s\u00e5 igennem mig \u2013 men ikke ind i mig\"}]},{\"@type\":\"WebSite\",\"@id\":\"https:\\\/\\\/prinsessepower.wtf\\\/blog\\\/#website\",\"url\":\"https:\\\/\\\/prinsessepower.wtf\\\/blog\\\/\",\"name\":\"Krigerprinsessen konfronterer\",\"description\":\"\ud83d\udca5 Tryk avler modtryk \ud83d\udca5\",\"publisher\":{\"@id\":\"https:\\\/\\\/prinsessepower.wtf\\\/blog\\\/#\\\/schema\\\/person\\\/365b41744f8ad5976d5939d15672c816\"},\"alternateName\":\"Krigerprinsessen konfronterer\",\"potentialAction\":[{\"@type\":\"SearchAction\",\"target\":{\"@type\":\"EntryPoint\",\"urlTemplate\":\"https:\\\/\\\/prinsessepower.wtf\\\/blog\\\/?s={search_term_string}\"},\"query-input\":{\"@type\":\"PropertyValueSpecification\",\"valueRequired\":true,\"valueName\":\"search_term_string\"}}],\"inLanguage\":\"da-DK\"},{\"@type\":[\"Person\",\"Organization\"],\"@id\":\"https:\\\/\\\/prinsessepower.wtf\\\/blog\\\/#\\\/schema\\\/person\\\/365b41744f8ad5976d5939d15672c816\",\"name\":\"DiademX\",\"image\":{\"@type\":\"ImageObject\",\"inLanguage\":\"da-DK\",\"@id\":\"https:\\\/\\\/i0.wp.com\\\/prinsessepower.wtf\\\/blog\\\/wp-content\\\/uploads\\\/2024\\\/10\\\/DiademX20240621b-scaled.jpg?fit=2356%2C2560&ssl=1\",\"url\":\"https:\\\/\\\/i0.wp.com\\\/prinsessepower.wtf\\\/blog\\\/wp-content\\\/uploads\\\/2024\\\/10\\\/DiademX20240621b-scaled.jpg?fit=2356%2C2560&ssl=1\",\"contentUrl\":\"https:\\\/\\\/i0.wp.com\\\/prinsessepower.wtf\\\/blog\\\/wp-content\\\/uploads\\\/2024\\\/10\\\/DiademX20240621b-scaled.jpg?fit=2356%2C2560&ssl=1\",\"width\":2356,\"height\":2560,\"caption\":\"DiademX\"},\"logo\":{\"@id\":\"https:\\\/\\\/i0.wp.com\\\/prinsessepower.wtf\\\/blog\\\/wp-content\\\/uploads\\\/2024\\\/10\\\/DiademX20240621b-scaled.jpg?fit=2356%2C2560&ssl=1\"},\"description\":\"F\u00f8dt i 1975. M\u00f8dte Mandse i 1998, og flyttede sammen med ham. Fejlbehandlet for skizofreni siden 2001. F\u00f8rste indl\u00e6ggelse i 2004. Giftede mig med Mandse i 2008. I 2009 var vi s\u00e5 heldige, at m\u00f8de Mimi p\u00e5 1\u00bd \u00e5r, som var en lille DSG\\\/gravhund. Anden indl\u00e6ggelse i 2012. Svingd\u00f8rspatient, selvskadende og suicidal siden 2013. I 2021 m\u00e5tte vores lille nussepige Mimi desv\u00e6rre forlade os. Senere p\u00e5 \u00e5ret hentede vi Walther (B\u00f8ffe) p\u00e5 Fyn (75% gravhund\\\/25% DSG). Medicinfri (antipsykotika) i 2022. V\u00e6gttab startede primo 2022 (60-65 kg. efter 80 kg. overv\u00e6gt af antipsykotika). Udredt for f\u00f8rste gang i 2024 med diagnoserne autisme, ADHD og kompleks PTSD. Opstart p\u00e5 ADHD-medicin.\",\"sameAs\":[\"https:\\\/\\\/prinsessepower.wtf\\\/blog\",\"https:\\\/\\\/www.linkedin.com\\\/in\\\/sussi-malene-jacobsen--880604282\\\/\"],\"url\":\"https:\\\/\\\/prinsessepower.wtf\\\/blog\\\/author\\\/sushiespice_ldpg9b7u\\\/\"}]}<\/script>\n<!-- \/ Yoast SEO plugin. -->","yoast_head_json":{"title":"Til dig, der s\u00e5 igennem mig \u2013 men ikke ind i mig | Krigerprinsessen Konfronterer","description":"Et \u00e6rligt vidnesbyrd om misforst\u00e5et smerte, psykiatriens blinde vinkler og k\u00e6rlighed som livsgrund. Om at ville fred \u2013 ikke d\u00f8den.","robots":{"index":"index","follow":"follow","max-snippet":"max-snippet:-1","max-image-preview":"max-image-preview:large","max-video-preview":"max-video-preview:-1"},"canonical":"https:\/\/prinsessepower.wtf\/blog\/til-dig-der-saa-igennem-mig\/","og_locale":"da_DK","og_type":"article","og_title":"\u201cFor et menneske, der virkelig \u00f8nsker at d\u00f8, r\u00e6kker ikke ud.\u201d","og_description":"En tekst om smerte, overlevelse og k\u00e6rlighed \u2013 og om at blive set igennem, men ikke ind i.","og_url":"https:\/\/prinsessepower.wtf\/blog\/til-dig-der-saa-igennem-mig\/","og_site_name":"Krigerprinsessen konfronterer","article_published_time":"2025-11-07T04:55:32+00:00","article_modified_time":"2025-11-07T04:55:35+00:00","og_image":[{"width":1200,"height":900,"url":"https:\/\/prinsessepower.wtf\/blog\/wp-content\/uploads\/2025\/11\/annie-spratt-UHsCCN5PJrI-unsplash_edit.jpg","type":"image\/jpeg"}],"author":"DiademX","twitter_card":"summary_large_image","twitter_misc":{"Skrevet af":"DiademX","Estimeret l\u00e6setid":"4 minutter"},"schema":{"@context":"https:\/\/schema.org","@graph":[{"@type":["Article","BlogPosting"],"@id":"https:\/\/prinsessepower.wtf\/blog\/til-dig-der-saa-igennem-mig\/#article","isPartOf":{"@id":"https:\/\/prinsessepower.wtf\/blog\/til-dig-der-saa-igennem-mig\/"},"author":{"name":"DiademX","@id":"https:\/\/prinsessepower.wtf\/blog\/#\/schema\/person\/365b41744f8ad5976d5939d15672c816"},"headline":"Til dig, der s\u00e5 igennem mig \u2013 men ikke ind i mig","datePublished":"2025-11-07T04:55:32+00:00","dateModified":"2025-11-07T04:55:35+00:00","mainEntityOfPage":{"@id":"https:\/\/prinsessepower.wtf\/blog\/til-dig-der-saa-igennem-mig\/"},"wordCount":692,"commentCount":0,"publisher":{"@id":"https:\/\/prinsessepower.wtf\/blog\/#\/schema\/person\/365b41744f8ad5976d5939d15672c816"},"image":{"@id":"https:\/\/prinsessepower.wtf\/blog\/til-dig-der-saa-igennem-mig\/#primaryimage"},"thumbnailUrl":"https:\/\/i0.wp.com\/prinsessepower.wtf\/blog\/wp-content\/uploads\/2025\/11\/annie-spratt-UHsCCN5PJrI-unsplash_edit.jpg?fit=1200%2C900&ssl=1","keywords":["erfaringsstemmer","Mandse","overlevelse","psykiatri","Traume","usynlig smerte","v\u00e6rdighed"],"articleSection":["Erfaring","Overlevelse","Psykiatri"],"inLanguage":"da-DK","potentialAction":[{"@type":"CommentAction","name":"Comment","target":["https:\/\/prinsessepower.wtf\/blog\/til-dig-der-saa-igennem-mig\/#respond"]}]},{"@type":"WebPage","@id":"https:\/\/prinsessepower.wtf\/blog\/til-dig-der-saa-igennem-mig\/","url":"https:\/\/prinsessepower.wtf\/blog\/til-dig-der-saa-igennem-mig\/","name":"Til dig, der s\u00e5 igennem mig \u2013 men ikke ind i mig | Krigerprinsessen Konfronterer","isPartOf":{"@id":"https:\/\/prinsessepower.wtf\/blog\/#website"},"primaryImageOfPage":{"@id":"https:\/\/prinsessepower.wtf\/blog\/til-dig-der-saa-igennem-mig\/#primaryimage"},"image":{"@id":"https:\/\/prinsessepower.wtf\/blog\/til-dig-der-saa-igennem-mig\/#primaryimage"},"thumbnailUrl":"https:\/\/i0.wp.com\/prinsessepower.wtf\/blog\/wp-content\/uploads\/2025\/11\/annie-spratt-UHsCCN5PJrI-unsplash_edit.jpg?fit=1200%2C900&ssl=1","datePublished":"2025-11-07T04:55:32+00:00","dateModified":"2025-11-07T04:55:35+00:00","description":"Et \u00e6rligt vidnesbyrd om misforst\u00e5et smerte, psykiatriens blinde vinkler og k\u00e6rlighed som livsgrund. Om at ville fred \u2013 ikke d\u00f8den.","breadcrumb":{"@id":"https:\/\/prinsessepower.wtf\/blog\/til-dig-der-saa-igennem-mig\/#breadcrumb"},"inLanguage":"da-DK","potentialAction":[{"@type":"ReadAction","target":["https:\/\/prinsessepower.wtf\/blog\/til-dig-der-saa-igennem-mig\/"]}]},{"@type":"ImageObject","inLanguage":"da-DK","@id":"https:\/\/prinsessepower.wtf\/blog\/til-dig-der-saa-igennem-mig\/#primaryimage","url":"https:\/\/i0.wp.com\/prinsessepower.wtf\/blog\/wp-content\/uploads\/2025\/11\/annie-spratt-UHsCCN5PJrI-unsplash_edit.jpg?fit=1200%2C900&ssl=1","contentUrl":"https:\/\/i0.wp.com\/prinsessepower.wtf\/blog\/wp-content\/uploads\/2025\/11\/annie-spratt-UHsCCN5PJrI-unsplash_edit.jpg?fit=1200%2C900&ssl=1","width":1200,"height":900,"caption":"\ud83d\udcf7 Foto: Annie Spratt via Unsplash"},{"@type":"BreadcrumbList","@id":"https:\/\/prinsessepower.wtf\/blog\/til-dig-der-saa-igennem-mig\/#breadcrumb","itemListElement":[{"@type":"ListItem","position":1,"name":"Slottet","item":"https:\/\/prinsessepower.wtf\/blog\/"},{"@type":"ListItem","position":2,"name":"Til dig, der s\u00e5 igennem mig \u2013 men ikke ind i mig"}]},{"@type":"WebSite","@id":"https:\/\/prinsessepower.wtf\/blog\/#website","url":"https:\/\/prinsessepower.wtf\/blog\/","name":"Krigerprinsessen konfronterer","description":"\ud83d\udca5 Tryk avler modtryk \ud83d\udca5","publisher":{"@id":"https:\/\/prinsessepower.wtf\/blog\/#\/schema\/person\/365b41744f8ad5976d5939d15672c816"},"alternateName":"Krigerprinsessen konfronterer","potentialAction":[{"@type":"SearchAction","target":{"@type":"EntryPoint","urlTemplate":"https:\/\/prinsessepower.wtf\/blog\/?s={search_term_string}"},"query-input":{"@type":"PropertyValueSpecification","valueRequired":true,"valueName":"search_term_string"}}],"inLanguage":"da-DK"},{"@type":["Person","Organization"],"@id":"https:\/\/prinsessepower.wtf\/blog\/#\/schema\/person\/365b41744f8ad5976d5939d15672c816","name":"DiademX","image":{"@type":"ImageObject","inLanguage":"da-DK","@id":"https:\/\/i0.wp.com\/prinsessepower.wtf\/blog\/wp-content\/uploads\/2024\/10\/DiademX20240621b-scaled.jpg?fit=2356%2C2560&ssl=1","url":"https:\/\/i0.wp.com\/prinsessepower.wtf\/blog\/wp-content\/uploads\/2024\/10\/DiademX20240621b-scaled.jpg?fit=2356%2C2560&ssl=1","contentUrl":"https:\/\/i0.wp.com\/prinsessepower.wtf\/blog\/wp-content\/uploads\/2024\/10\/DiademX20240621b-scaled.jpg?fit=2356%2C2560&ssl=1","width":2356,"height":2560,"caption":"DiademX"},"logo":{"@id":"https:\/\/i0.wp.com\/prinsessepower.wtf\/blog\/wp-content\/uploads\/2024\/10\/DiademX20240621b-scaled.jpg?fit=2356%2C2560&ssl=1"},"description":"F\u00f8dt i 1975. M\u00f8dte Mandse i 1998, og flyttede sammen med ham. Fejlbehandlet for skizofreni siden 2001. F\u00f8rste indl\u00e6ggelse i 2004. Giftede mig med Mandse i 2008. I 2009 var vi s\u00e5 heldige, at m\u00f8de Mimi p\u00e5 1\u00bd \u00e5r, som var en lille DSG\/gravhund. Anden indl\u00e6ggelse i 2012. Svingd\u00f8rspatient, selvskadende og suicidal siden 2013. I 2021 m\u00e5tte vores lille nussepige Mimi desv\u00e6rre forlade os. Senere p\u00e5 \u00e5ret hentede vi Walther (B\u00f8ffe) p\u00e5 Fyn (75% gravhund\/25% DSG). Medicinfri (antipsykotika) i 2022. V\u00e6gttab startede primo 2022 (60-65 kg. efter 80 kg. overv\u00e6gt af antipsykotika). Udredt for f\u00f8rste gang i 2024 med diagnoserne autisme, ADHD og kompleks PTSD. Opstart p\u00e5 ADHD-medicin.","sameAs":["https:\/\/prinsessepower.wtf\/blog","https:\/\/www.linkedin.com\/in\/sussi-malene-jacobsen--880604282\/"],"url":"https:\/\/prinsessepower.wtf\/blog\/author\/sushiespice_ldpg9b7u\/"}]}},"jetpack_featured_media_url":"https:\/\/i0.wp.com\/prinsessepower.wtf\/blog\/wp-content\/uploads\/2025\/11\/annie-spratt-UHsCCN5PJrI-unsplash_edit.jpg?fit=1200%2C900&ssl=1","jetpack_sharing_enabled":true,"_links":{"self":[{"href":"https:\/\/prinsessepower.wtf\/blog\/wp-json\/wp\/v2\/posts\/3022","targetHints":{"allow":["GET"]}}],"collection":[{"href":"https:\/\/prinsessepower.wtf\/blog\/wp-json\/wp\/v2\/posts"}],"about":[{"href":"https:\/\/prinsessepower.wtf\/blog\/wp-json\/wp\/v2\/types\/post"}],"author":[{"embeddable":true,"href":"https:\/\/prinsessepower.wtf\/blog\/wp-json\/wp\/v2\/users\/1"}],"replies":[{"embeddable":true,"href":"https:\/\/prinsessepower.wtf\/blog\/wp-json\/wp\/v2\/comments?post=3022"}],"version-history":[{"count":5,"href":"https:\/\/prinsessepower.wtf\/blog\/wp-json\/wp\/v2\/posts\/3022\/revisions"}],"predecessor-version":[{"id":3028,"href":"https:\/\/prinsessepower.wtf\/blog\/wp-json\/wp\/v2\/posts\/3022\/revisions\/3028"}],"wp:featuredmedia":[{"embeddable":true,"href":"https:\/\/prinsessepower.wtf\/blog\/wp-json\/wp\/v2\/media\/3023"}],"wp:attachment":[{"href":"https:\/\/prinsessepower.wtf\/blog\/wp-json\/wp\/v2\/media?parent=3022"}],"wp:term":[{"taxonomy":"category","embeddable":true,"href":"https:\/\/prinsessepower.wtf\/blog\/wp-json\/wp\/v2\/categories?post=3022"},{"taxonomy":"post_tag","embeddable":true,"href":"https:\/\/prinsessepower.wtf\/blog\/wp-json\/wp\/v2\/tags?post=3022"}],"curies":[{"name":"wp","href":"https:\/\/api.w.org\/{rel}","templated":true}]}}